{"id":749,"date":"2026-03-06T12:08:45","date_gmt":"2026-03-06T15:08:45","guid":{"rendered":"https:\/\/frutiflora.com.br\/?p=749"},"modified":"2026-03-06T12:08:46","modified_gmt":"2026-03-06T15:08:46","slug":"mascaramento-sensorial-em-bebidas-zero-acucar","status":"publish","type":"post","link":"https:\/\/frutiflora.com.br\/en\/mascaramento-sensorial-em-bebidas-zero-acucar\/","title":{"rendered":"Mascaramento Sensorial em Bebidas Zero A\u00e7\u00facar"},"content":{"rendered":"<p><\/p>\n\n\n\n<figure class=\"wp-block-image size-large\"><img fetchpriority=\"high\" decoding=\"async\" width=\"1024\" height=\"576\" src=\"https:\/\/frutiflora.com.br\/wp-content\/uploads\/2026\/03\/1772204798234-1024x576.png\" alt=\"\" class=\"wp-image-750\" srcset=\"https:\/\/frutiflora.com.br\/wp-content\/uploads\/2026\/03\/1772204798234-1024x576.png 1024w, https:\/\/frutiflora.com.br\/wp-content\/uploads\/2026\/03\/1772204798234-300x169.png 300w, https:\/\/frutiflora.com.br\/wp-content\/uploads\/2026\/03\/1772204798234-768x432.png 768w, https:\/\/frutiflora.com.br\/wp-content\/uploads\/2026\/03\/1772204798234-18x10.png 18w, https:\/\/frutiflora.com.br\/wp-content\/uploads\/2026\/03\/1772204798234.png 1280w\" sizes=\"(max-width: 1024px) 100vw, 1024px\" \/><\/figure>\n\n\n\n<h3 class=\"wp-block-heading\" id=\"ember1308\">Tecnologia estrat\u00e9gica para performance sensorial<\/h3>\n\n\n\n<p id=\"ember1309\">A redu\u00e7\u00e3o de a\u00e7\u00facar deixou de ser apenas uma tend\u00eancia de consumo e passou a ser um requisito estrat\u00e9gico para a ind\u00fastria de bebidas. No entanto, retirar a sacarose da formula\u00e7\u00e3o exp\u00f5e um desafio estrutural: o a\u00e7\u00facar n\u00e3o entrega somente do\u00e7ura, mas tamb\u00e9m corpo, equil\u00edbrio e suaviza\u00e7\u00e3o de notas sensoriais indesej\u00e1veis.<\/p>\n\n\n\n<p id=\"ember1310\">Em formula\u00e7\u00f5es <strong>Zero A\u00e7\u00facar<\/strong> ou <strong>Low Carb<\/strong>, especialmente aquelas baseadas em edulcorantes de alta intensidade ou prote\u00ednas vegetais, defeitos como amargor residual, notas met\u00e1licas e adstring\u00eancia tornam-se mais evidentes. Nesse cen\u00e1rio, as tecnologias de <strong>mascaramento e modula\u00e7\u00e3o de sabor<\/strong> assumem papel central para garantir aceita\u00e7\u00e3o sensorial e consist\u00eancia de produto.<\/p>\n\n\n\n<h3 class=\"wp-block-heading\" id=\"ember1311\">O papel da tecnologia de mascaramento<\/h3>\n\n\n\n<p id=\"ember1312\">O mascaramento moderno vai al\u00e9m da simples sobreposi\u00e7\u00e3o arom\u00e1tica. Hoje, ele atua diretamente na <strong>modula\u00e7\u00e3o da percep\u00e7\u00e3o sensorial<\/strong>, interferindo na forma como os est\u00edmulos gustativos s\u00e3o captados e interpretados pelo organismo.<\/p>\n\n\n\n<p id=\"ember1313\">O amargor, por exemplo, \u00e9 percebido por m\u00faltiplos receptores gustativos (TAS2R), associados a mecanismos naturais de defesa do corpo humano. Por essa raz\u00e3o, trata-se de um est\u00edmulo dif\u00edcil de neutralizar apenas com ado\u00e7antes ou aromas tradicionais.<\/p>\n\n\n\n<p id=\"ember1314\">Tecnologias atuais utilizam <strong>moduladores de receptor<\/strong>, que reduzem a intensidade do sinal sensorial enviado ao c\u00e9rebro. O resultado \u00e9 um perfil mais limpo, equilibrado e pr\u00f3ximo \u00e0 experi\u00eancia de bebidas ado\u00e7adas com a\u00e7\u00facar.<\/p>\n\n\n\n<h3 class=\"wp-block-heading\" id=\"ember1315\">Tr\u00eas pilares para bebidas sem a\u00e7\u00facar bem-sucedidas<\/h3>\n\n\n\n<p id=\"ember1316\">O desenvolvimento de bebidas Zero com bom desempenho sensorial exige atua\u00e7\u00e3o coordenada em tr\u00eas frentes principais:<\/p>\n\n\n\n<h3 class=\"wp-block-heading\" id=\"ember1317\">1. Redu\u00e7\u00e3o de off-notes de edulcorantes<\/h3>\n\n\n\n<p id=\"ember1318\">Edulcorantes como stevia e sacarina apresentam desafios conhecidos, como retrogosto met\u00e1lico e do\u00e7ura residual prolongada.<\/p>\n\n\n\n<p id=\"ember1319\"><strong>Abordagens aplicadas pela ind\u00fastria:<\/strong><\/p>\n\n\n\n<ul class=\"wp-block-list\">\n<li>Uso de moduladores sensoriais que reduzem a persist\u00eancia da do\u00e7ura<\/li>\n\n\n\n<li>Combina\u00e7\u00e3o estrat\u00e9gica de diferentes edulcorantes para equilibrar curvas de percep\u00e7\u00e3o<\/li>\n<\/ul>\n\n\n\n<h3 class=\"wp-block-heading\" id=\"ember1321\">2. Reconstru\u00e7\u00e3o<\/h3>\n\n\n\n<p id=\"ember1322\">A aus\u00eancia de s\u00f3lidos sol\u00faveis compromete a percep\u00e7\u00e3o de textura e amplifica defeitos sensoriais.<\/p>\n\n\n\n<p id=\"ember1323\"><strong>Solu\u00e7\u00f5es t\u00e9cnicas:<\/strong><\/p>\n\n\n\n<ul class=\"wp-block-list\">\n<li>Hidrocoloides de baixa viscosidade<\/li>\n\n\n\n<li>Fibras sol\u00faveis funcionais Esses ingredientes contribuem para uma sensa\u00e7\u00e3o de corpo mais pr\u00f3xima \u00e0 de bebidas convencionais, al\u00e9m de auxiliar na redu\u00e7\u00e3o da percep\u00e7\u00e3o de amargor.<\/li>\n<\/ul>\n\n\n\n<h3 class=\"wp-block-heading\" id=\"ember1325\">3. Modula\u00e7\u00e3o avan\u00e7ada do perfil doce<\/h3>\n\n\n\n<p id=\"ember1326\">Ingredientes como a taumatina s\u00e3o amplamente utilizados em aplica\u00e7\u00f5es B2B n\u00e3o apenas como edulcorantes, mas como <strong>moduladores de sabor<\/strong>, capazes de suavizar notas met\u00e1licas e integrar melhor o perfil arom\u00e1tico da bebida.<\/p>\n\n\n\n<h3 class=\"wp-block-heading\" id=\"ember1327\">Mascaramento como vantagem competitiva<\/h3>\n\n\n\n<p id=\"ember1328\">Em um mercado onde o consumidor exige r\u00f3tulos mais limpos, mas n\u00e3o abre m\u00e3o do sabor, o mascaramento sensorial deixou de ser uma corre\u00e7\u00e3o t\u00e9cnica e se tornou uma <strong>ferramenta estrat\u00e9gica de diferencia\u00e7\u00e3o<\/strong>.<\/p>\n\n\n\n<p id=\"ember1329\">O sucesso de uma bebida Zero A\u00e7\u00facar est\u00e1 diretamente ligado \u00e0 capacidade de integrar edulcorantes, moduladores sensoriais e estrutura de mouthfeel em uma solu\u00e7\u00e3o equilibrada, est\u00e1vel e sensorialmente atrativa.<\/p>\n\n\n\n<p><\/p>","protected":false},"excerpt":{"rendered":"<p>Tecnologia estrat\u00e9gica para performance sensorial A redu\u00e7\u00e3o de a\u00e7\u00facar deixou de ser apenas uma tend\u00eancia de consumo e passou a ser um requisito estrat\u00e9gico para a ind\u00fastria de bebidas. No entanto, retirar a sacarose da formula\u00e7\u00e3o exp\u00f5e um desafio estrutural: o a\u00e7\u00facar n\u00e3o entrega somente do\u00e7ura, mas tamb\u00e9m corpo, equil\u00edbrio e suaviza\u00e7\u00e3o de notas sensoriais [&hellip;]<\/p>\n","protected":false},"author":1,"featured_media":0,"comment_status":"closed","ping_status":"open","sticky":false,"template":"","format":"standard","meta":{"_joinchat":[],"footnotes":""},"categories":[1],"tags":[],"class_list":["post-749","post","type-post","status-publish","format-standard","hentry","category-sem-categoria"],"yoast_head":"<!-- This site is optimized with the Yoast SEO Premium plugin v26.0 (Yoast SEO v27.2) - https:\/\/yoast.com\/product\/yoast-seo-premium-wordpress\/ -->\n<title>Mascaramento Sensorial em Bebidas Zero A\u00e7\u00facar - Frutiflora Aromas<\/title>\n<meta name=\"robots\" content=\"index, follow, max-snippet:-1, max-image-preview:large, max-video-preview:-1\" \/>\n<link rel=\"canonical\" href=\"https:\/\/frutiflora.com.br\/en\/mascaramento-sensorial-em-bebidas-zero-acucar\/\" \/>\n<meta property=\"og:locale\" content=\"en_US\" \/>\n<meta property=\"og:type\" content=\"article\" \/>\n<meta property=\"og:title\" content=\"Mascaramento Sensorial em Bebidas Zero A\u00e7\u00facar\" \/>\n<meta property=\"og:description\" content=\"Tecnologia estrat\u00e9gica para performance sensorial A redu\u00e7\u00e3o de a\u00e7\u00facar deixou de ser apenas uma tend\u00eancia de consumo e passou a ser um requisito estrat\u00e9gico para a ind\u00fastria de bebidas. No entanto, retirar a sacarose da formula\u00e7\u00e3o exp\u00f5e um desafio estrutural: o a\u00e7\u00facar n\u00e3o entrega somente do\u00e7ura, mas tamb\u00e9m corpo, equil\u00edbrio e suaviza\u00e7\u00e3o de notas sensoriais [&hellip;]\" \/>\n<meta property=\"og:url\" content=\"https:\/\/frutiflora.com.br\/en\/mascaramento-sensorial-em-bebidas-zero-acucar\/\" \/>\n<meta property=\"og:site_name\" content=\"Frutiflora Aromas\" \/>\n<meta property=\"article:published_time\" content=\"2026-03-06T15:08:45+00:00\" \/>\n<meta property=\"article:modified_time\" content=\"2026-03-06T15:08:46+00:00\" \/>\n<meta property=\"og:image\" content=\"https:\/\/frutiflora.com.br\/wp-content\/uploads\/2026\/03\/1772204798234.png\" \/>\n\t<meta property=\"og:image:width\" content=\"1280\" \/>\n\t<meta property=\"og:image:height\" content=\"720\" \/>\n\t<meta property=\"og:image:type\" content=\"image\/png\" \/>\n<meta name=\"author\" content=\"frutiflora\" \/>\n<meta name=\"twitter:card\" content=\"summary_large_image\" \/>\n<meta name=\"twitter:label1\" content=\"Written by\" \/>\n\t<meta name=\"twitter:data1\" content=\"frutiflora\" \/>\n\t<meta name=\"twitter:label2\" content=\"Est. reading time\" \/>\n\t<meta name=\"twitter:data2\" content=\"3 minutes\" \/>\n<script type=\"application\/ld+json\" class=\"yoast-schema-graph\">{\"@context\":\"https:\/\/schema.org\",\"@graph\":[{\"@type\":\"Article\",\"@id\":\"https:\/\/frutiflora.com.br\/mascaramento-sensorial-em-bebidas-zero-acucar\/#article\",\"isPartOf\":{\"@id\":\"https:\/\/frutiflora.com.br\/mascaramento-sensorial-em-bebidas-zero-acucar\/\"},\"author\":{\"name\":\"frutiflora\",\"@id\":\"https:\/\/frutiflora.com.br\/#\/schema\/person\/bad65b3bb54dfd57feba53a9b5dc6793\"},\"headline\":\"Mascaramento Sensorial em Bebidas Zero A\u00e7\u00facar\",\"datePublished\":\"2026-03-06T15:08:45+00:00\",\"dateModified\":\"2026-03-06T15:08:46+00:00\",\"mainEntityOfPage\":{\"@id\":\"https:\/\/frutiflora.com.br\/mascaramento-sensorial-em-bebidas-zero-acucar\/\"},\"wordCount\":517,\"image\":{\"@id\":\"https:\/\/frutiflora.com.br\/mascaramento-sensorial-em-bebidas-zero-acucar\/#primaryimage\"},\"thumbnailUrl\":\"https:\/\/frutiflora.com.br\/wp-content\/uploads\/2026\/03\/1772204798234-1024x576.png\",\"articleSection\":[\"Sem categoria\"],\"inLanguage\":\"en-US\"},{\"@type\":\"WebPage\",\"@id\":\"https:\/\/frutiflora.com.br\/mascaramento-sensorial-em-bebidas-zero-acucar\/\",\"url\":\"https:\/\/frutiflora.com.br\/mascaramento-sensorial-em-bebidas-zero-acucar\/\",\"name\":\"Mascaramento Sensorial em Bebidas Zero A\u00e7\u00facar - Frutiflora Aromas\",\"isPartOf\":{\"@id\":\"https:\/\/frutiflora.com.br\/#website\"},\"primaryImageOfPage\":{\"@id\":\"https:\/\/frutiflora.com.br\/mascaramento-sensorial-em-bebidas-zero-acucar\/#primaryimage\"},\"image\":{\"@id\":\"https:\/\/frutiflora.com.br\/mascaramento-sensorial-em-bebidas-zero-acucar\/#primaryimage\"},\"thumbnailUrl\":\"https:\/\/frutiflora.com.br\/wp-content\/uploads\/2026\/03\/1772204798234-1024x576.png\",\"datePublished\":\"2026-03-06T15:08:45+00:00\",\"dateModified\":\"2026-03-06T15:08:46+00:00\",\"author\":{\"@id\":\"https:\/\/frutiflora.com.br\/#\/schema\/person\/bad65b3bb54dfd57feba53a9b5dc6793\"},\"breadcrumb\":{\"@id\":\"https:\/\/frutiflora.com.br\/mascaramento-sensorial-em-bebidas-zero-acucar\/#breadcrumb\"},\"inLanguage\":\"en-US\",\"potentialAction\":[{\"@type\":\"ReadAction\",\"target\":[\"https:\/\/frutiflora.com.br\/mascaramento-sensorial-em-bebidas-zero-acucar\/\"]}]},{\"@type\":\"ImageObject\",\"inLanguage\":\"en-US\",\"@id\":\"https:\/\/frutiflora.com.br\/mascaramento-sensorial-em-bebidas-zero-acucar\/#primaryimage\",\"url\":\"https:\/\/frutiflora.com.br\/wp-content\/uploads\/2026\/03\/1772204798234-1024x576.png\",\"contentUrl\":\"https:\/\/frutiflora.com.br\/wp-content\/uploads\/2026\/03\/1772204798234-1024x576.png\"},{\"@type\":\"BreadcrumbList\",\"@id\":\"https:\/\/frutiflora.com.br\/mascaramento-sensorial-em-bebidas-zero-acucar\/#breadcrumb\",\"itemListElement\":[{\"@type\":\"ListItem\",\"position\":1,\"name\":\"Home\",\"item\":\"https:\/\/frutiflora.com.br\/\"},{\"@type\":\"ListItem\",\"position\":2,\"name\":\"Mascaramento Sensorial em Bebidas Zero A\u00e7\u00facar\"}]},{\"@type\":\"WebSite\",\"@id\":\"https:\/\/frutiflora.com.br\/#website\",\"url\":\"https:\/\/frutiflora.com.br\/\",\"name\":\"Frutiflora Aromas\",\"description\":\"Uma Infinidade de Sabores!\",\"potentialAction\":[{\"@type\":\"SearchAction\",\"target\":{\"@type\":\"EntryPoint\",\"urlTemplate\":\"https:\/\/frutiflora.com.br\/?s={search_term_string}\"},\"query-input\":{\"@type\":\"PropertyValueSpecification\",\"valueRequired\":true,\"valueName\":\"search_term_string\"}}],\"inLanguage\":\"en-US\"},{\"@type\":\"Person\",\"@id\":\"https:\/\/frutiflora.com.br\/#\/schema\/person\/bad65b3bb54dfd57feba53a9b5dc6793\",\"name\":\"frutiflora\",\"image\":{\"@type\":\"ImageObject\",\"inLanguage\":\"en-US\",\"@id\":\"https:\/\/secure.gravatar.com\/avatar\/50680890e7f5eab61bec3851b492cbcc6df05fd30d0da9b7b90efcd5a2ec5de6?s=96&d=mm&r=g\",\"url\":\"https:\/\/secure.gravatar.com\/avatar\/50680890e7f5eab61bec3851b492cbcc6df05fd30d0da9b7b90efcd5a2ec5de6?s=96&d=mm&r=g\",\"contentUrl\":\"https:\/\/secure.gravatar.com\/avatar\/50680890e7f5eab61bec3851b492cbcc6df05fd30d0da9b7b90efcd5a2ec5de6?s=96&d=mm&r=g\",\"caption\":\"frutiflora\"},\"sameAs\":[\"http:\/\/frutiflora.agenciainsonia.com.br\"],\"url\":\"https:\/\/frutiflora.com.br\/en\/author\/frutiflora\/\"}]}<\/script>\n<!-- \/ Yoast SEO Premium plugin. -->","yoast_head_json":{"title":"Mascaramento Sensorial em Bebidas Zero A\u00e7\u00facar - Frutiflora Aromas","robots":{"index":"index","follow":"follow","max-snippet":"max-snippet:-1","max-image-preview":"max-image-preview:large","max-video-preview":"max-video-preview:-1"},"canonical":"https:\/\/frutiflora.com.br\/en\/mascaramento-sensorial-em-bebidas-zero-acucar\/","og_locale":"en_US","og_type":"article","og_title":"Mascaramento Sensorial em Bebidas Zero A\u00e7\u00facar","og_description":"Tecnologia estrat\u00e9gica para performance sensorial A redu\u00e7\u00e3o de a\u00e7\u00facar deixou de ser apenas uma tend\u00eancia de consumo e passou a ser um requisito estrat\u00e9gico para a ind\u00fastria de bebidas. No entanto, retirar a sacarose da formula\u00e7\u00e3o exp\u00f5e um desafio estrutural: o a\u00e7\u00facar n\u00e3o entrega somente do\u00e7ura, mas tamb\u00e9m corpo, equil\u00edbrio e suaviza\u00e7\u00e3o de notas sensoriais [&hellip;]","og_url":"https:\/\/frutiflora.com.br\/en\/mascaramento-sensorial-em-bebidas-zero-acucar\/","og_site_name":"Frutiflora Aromas","article_published_time":"2026-03-06T15:08:45+00:00","article_modified_time":"2026-03-06T15:08:46+00:00","og_image":[{"width":1280,"height":720,"url":"https:\/\/frutiflora.com.br\/wp-content\/uploads\/2026\/03\/1772204798234.png","type":"image\/png"}],"author":"frutiflora","twitter_card":"summary_large_image","twitter_misc":{"Written by":"frutiflora","Est. reading time":"3 minutes"},"schema":{"@context":"https:\/\/schema.org","@graph":[{"@type":"Article","@id":"https:\/\/frutiflora.com.br\/mascaramento-sensorial-em-bebidas-zero-acucar\/#article","isPartOf":{"@id":"https:\/\/frutiflora.com.br\/mascaramento-sensorial-em-bebidas-zero-acucar\/"},"author":{"name":"frutiflora","@id":"https:\/\/frutiflora.com.br\/#\/schema\/person\/bad65b3bb54dfd57feba53a9b5dc6793"},"headline":"Mascaramento Sensorial em Bebidas Zero A\u00e7\u00facar","datePublished":"2026-03-06T15:08:45+00:00","dateModified":"2026-03-06T15:08:46+00:00","mainEntityOfPage":{"@id":"https:\/\/frutiflora.com.br\/mascaramento-sensorial-em-bebidas-zero-acucar\/"},"wordCount":517,"image":{"@id":"https:\/\/frutiflora.com.br\/mascaramento-sensorial-em-bebidas-zero-acucar\/#primaryimage"},"thumbnailUrl":"https:\/\/frutiflora.com.br\/wp-content\/uploads\/2026\/03\/1772204798234-1024x576.png","articleSection":["Sem categoria"],"inLanguage":"en-US"},{"@type":"WebPage","@id":"https:\/\/frutiflora.com.br\/mascaramento-sensorial-em-bebidas-zero-acucar\/","url":"https:\/\/frutiflora.com.br\/mascaramento-sensorial-em-bebidas-zero-acucar\/","name":"Mascaramento Sensorial em Bebidas Zero A\u00e7\u00facar - Frutiflora Aromas","isPartOf":{"@id":"https:\/\/frutiflora.com.br\/#website"},"primaryImageOfPage":{"@id":"https:\/\/frutiflora.com.br\/mascaramento-sensorial-em-bebidas-zero-acucar\/#primaryimage"},"image":{"@id":"https:\/\/frutiflora.com.br\/mascaramento-sensorial-em-bebidas-zero-acucar\/#primaryimage"},"thumbnailUrl":"https:\/\/frutiflora.com.br\/wp-content\/uploads\/2026\/03\/1772204798234-1024x576.png","datePublished":"2026-03-06T15:08:45+00:00","dateModified":"2026-03-06T15:08:46+00:00","author":{"@id":"https:\/\/frutiflora.com.br\/#\/schema\/person\/bad65b3bb54dfd57feba53a9b5dc6793"},"breadcrumb":{"@id":"https:\/\/frutiflora.com.br\/mascaramento-sensorial-em-bebidas-zero-acucar\/#breadcrumb"},"inLanguage":"en-US","potentialAction":[{"@type":"ReadAction","target":["https:\/\/frutiflora.com.br\/mascaramento-sensorial-em-bebidas-zero-acucar\/"]}]},{"@type":"ImageObject","inLanguage":"en-US","@id":"https:\/\/frutiflora.com.br\/mascaramento-sensorial-em-bebidas-zero-acucar\/#primaryimage","url":"https:\/\/frutiflora.com.br\/wp-content\/uploads\/2026\/03\/1772204798234-1024x576.png","contentUrl":"https:\/\/frutiflora.com.br\/wp-content\/uploads\/2026\/03\/1772204798234-1024x576.png"},{"@type":"BreadcrumbList","@id":"https:\/\/frutiflora.com.br\/mascaramento-sensorial-em-bebidas-zero-acucar\/#breadcrumb","itemListElement":[{"@type":"ListItem","position":1,"name":"Home","item":"https:\/\/frutiflora.com.br\/"},{"@type":"ListItem","position":2,"name":"Mascaramento Sensorial em Bebidas Zero A\u00e7\u00facar"}]},{"@type":"WebSite","@id":"https:\/\/frutiflora.com.br\/#website","url":"https:\/\/frutiflora.com.br\/","name":"Frutiflora Aromas","description":"Uma Infinidade de Sabores!","potentialAction":[{"@type":"SearchAction","target":{"@type":"EntryPoint","urlTemplate":"https:\/\/frutiflora.com.br\/?s={search_term_string}"},"query-input":{"@type":"PropertyValueSpecification","valueRequired":true,"valueName":"search_term_string"}}],"inLanguage":"en-US"},{"@type":"Person","@id":"https:\/\/frutiflora.com.br\/#\/schema\/person\/bad65b3bb54dfd57feba53a9b5dc6793","name":"frutiflora","image":{"@type":"ImageObject","inLanguage":"en-US","@id":"https:\/\/secure.gravatar.com\/avatar\/50680890e7f5eab61bec3851b492cbcc6df05fd30d0da9b7b90efcd5a2ec5de6?s=96&d=mm&r=g","url":"https:\/\/secure.gravatar.com\/avatar\/50680890e7f5eab61bec3851b492cbcc6df05fd30d0da9b7b90efcd5a2ec5de6?s=96&d=mm&r=g","contentUrl":"https:\/\/secure.gravatar.com\/avatar\/50680890e7f5eab61bec3851b492cbcc6df05fd30d0da9b7b90efcd5a2ec5de6?s=96&d=mm&r=g","caption":"frutiflora"},"sameAs":["http:\/\/frutiflora.agenciainsonia.com.br"],"url":"https:\/\/frutiflora.com.br\/en\/author\/frutiflora\/"}]}},"_links":{"self":[{"href":"https:\/\/frutiflora.com.br\/en\/wp-json\/wp\/v2\/posts\/749","targetHints":{"allow":["GET"]}}],"collection":[{"href":"https:\/\/frutiflora.com.br\/en\/wp-json\/wp\/v2\/posts"}],"about":[{"href":"https:\/\/frutiflora.com.br\/en\/wp-json\/wp\/v2\/types\/post"}],"author":[{"embeddable":true,"href":"https:\/\/frutiflora.com.br\/en\/wp-json\/wp\/v2\/users\/1"}],"replies":[{"embeddable":true,"href":"https:\/\/frutiflora.com.br\/en\/wp-json\/wp\/v2\/comments?post=749"}],"version-history":[{"count":2,"href":"https:\/\/frutiflora.com.br\/en\/wp-json\/wp\/v2\/posts\/749\/revisions"}],"predecessor-version":[{"id":752,"href":"https:\/\/frutiflora.com.br\/en\/wp-json\/wp\/v2\/posts\/749\/revisions\/752"}],"wp:attachment":[{"href":"https:\/\/frutiflora.com.br\/en\/wp-json\/wp\/v2\/media?parent=749"}],"wp:term":[{"taxonomy":"category","embeddable":true,"href":"https:\/\/frutiflora.com.br\/en\/wp-json\/wp\/v2\/categories?post=749"},{"taxonomy":"post_tag","embeddable":true,"href":"https:\/\/frutiflora.com.br\/en\/wp-json\/wp\/v2\/tags?post=749"}],"curies":[{"name":"wp","href":"https:\/\/api.w.org\/{rel}","templated":true}]}}