{"id":769,"date":"2026-03-27T10:12:15","date_gmt":"2026-03-27T13:12:15","guid":{"rendered":"https:\/\/frutiflora.com.br\/?p=769"},"modified":"2026-03-27T10:12:15","modified_gmt":"2026-03-27T13:12:15","slug":"reducao-de-acucar-em-bebidas-o-desafio-de-manter-sabor-e-experiencia","status":"publish","type":"post","link":"https:\/\/frutiflora.com.br\/en\/reducao-de-acucar-em-bebidas-o-desafio-de-manter-sabor-e-experiencia\/","title":{"rendered":"Redu\u00e7\u00e3o de a\u00e7\u00facar em bebidas: o desafio de manter sabor e experi\u00eancia."},"content":{"rendered":"<figure class=\"wp-block-image size-large\"><img fetchpriority=\"high\" decoding=\"async\" width=\"1024\" height=\"687\" src=\"https:\/\/frutiflora.com.br\/wp-content\/uploads\/2026\/03\/e30565e2-09f2-4dff-9351-1e93fd8facd4guilherme-marques-1024x687.jpeg\" alt=\"\" class=\"wp-image-770\" srcset=\"https:\/\/frutiflora.com.br\/wp-content\/uploads\/2026\/03\/e30565e2-09f2-4dff-9351-1e93fd8facd4guilherme-marques-1024x687.jpeg 1024w, https:\/\/frutiflora.com.br\/wp-content\/uploads\/2026\/03\/e30565e2-09f2-4dff-9351-1e93fd8facd4guilherme-marques-300x201.jpeg 300w, https:\/\/frutiflora.com.br\/wp-content\/uploads\/2026\/03\/e30565e2-09f2-4dff-9351-1e93fd8facd4guilherme-marques-768x515.jpeg 768w, https:\/\/frutiflora.com.br\/wp-content\/uploads\/2026\/03\/e30565e2-09f2-4dff-9351-1e93fd8facd4guilherme-marques-1536x1030.jpeg 1536w, https:\/\/frutiflora.com.br\/wp-content\/uploads\/2026\/03\/e30565e2-09f2-4dff-9351-1e93fd8facd4guilherme-marques-2048x1374.jpeg 2048w, https:\/\/frutiflora.com.br\/wp-content\/uploads\/2026\/03\/e30565e2-09f2-4dff-9351-1e93fd8facd4guilherme-marques-18x12.jpeg 18w\" sizes=\"(max-width: 1024px) 100vw, 1024px\" \/><\/figure>\n\n\n\n<p id=\"ember423\">O consumo elevado de bebidas a\u00e7ucaradas vem sendo cada vez mais associado a impactos negativos na sa\u00fade p\u00fablica. Diversas entidades internacionais apontam a ingest\u00e3o excessiva de a\u00e7\u00facares adicionados como um dos principais fatores ligados ao aumento de doen\u00e7as cr\u00f4nicas, incluindo obesidade, diabetes tipo 2 e problemas cardiovasculares.<\/p>\n\n\n\n<p id=\"ember424\">Estudos indicam que o consumo frequente de refrigerantes pode elevar significativamente o risco de desenvolver dist\u00farbios metab\u00f3licos ao longo do tempo. No contexto brasileiro, esse cen\u00e1rio tamb\u00e9m \u00e9 preocupante: uma parcela relevante da popula\u00e7\u00e3o adulta j\u00e1 convive com condi\u00e7\u00f5es como hipertens\u00e3o, frequentemente relacionadas a h\u00e1bitos alimentares desequilibrados, incluindo alta ingest\u00e3o de a\u00e7\u00facares livres.<\/p>\n\n\n\n<hr class=\"wp-block-separator has-alpha-channel-opacity\"\/>\n\n\n\n<h3 class=\"wp-block-heading\" id=\"ember425\">Press\u00e3o regulat\u00f3ria e mudan\u00e7a de comportamento<\/h3>\n\n\n\n<p id=\"ember426\">Diante desse cen\u00e1rio, governos e \u00f3rg\u00e3os reguladores t\u00eam adotado medidas mais rigorosas para reduzir o consumo de a\u00e7\u00facar. Um exemplo relevante \u00e9 o Chile, onde a implementa\u00e7\u00e3o de alertas frontais nas embalagens levou a uma queda percept\u00edvel na compra de bebidas a\u00e7ucaradas.<\/p>\n\n\n\n<p id=\"ember427\">No Brasil, a atualiza\u00e7\u00e3o da rotulagem nutricional frontal, introduzida recentemente pela Anvisa, trouxe maior transpar\u00eancia ao consumidor ao evidenciar altos teores de a\u00e7\u00facar, s\u00f3dio e gorduras saturadas. Essa mudan\u00e7a j\u00e1 vem influenciando diretamente as estrat\u00e9gias da ind\u00fastria, acelerando processos de reformula\u00e7\u00e3o de produtos.<\/p>\n\n\n\n<p id=\"ember428\">Ao mesmo tempo, o comportamento do consumidor tamb\u00e9m evoluiu. H\u00e1 uma busca crescente por op\u00e7\u00f5es mais equilibradas, com menor teor de a\u00e7\u00facar e ingredientes mais naturais. Uma parcela significativa dos brasileiros afirma estar tentando reduzir o consumo de a\u00e7\u00facar, o que aumenta a press\u00e3o por inova\u00e7\u00e3o no setor de bebidas.<\/p>\n\n\n\n<hr class=\"wp-block-separator has-alpha-channel-opacity\"\/>\n\n\n\n<h3 class=\"wp-block-heading\" id=\"ember429\">Como reduzir a\u00e7\u00facar sem perder sabor?<\/h3>\n\n\n\n<p id=\"ember430\">Diminuir o teor de a\u00e7\u00facar mantendo a qualidade sensorial \u00e9 um dos maiores desafios t\u00e9cnicos para a ind\u00fastria. Afinal, o a\u00e7\u00facar n\u00e3o contribui apenas com dul\u00e7or, mas tamb\u00e9m influencia corpo, textura e percep\u00e7\u00e3o geral do produto.<\/p>\n\n\n\n<p id=\"ember431\">Para contornar esse desafio, diferentes estrat\u00e9gias v\u00eam sendo utilizadas:<\/p>\n\n\n\n<p id=\"ember432\"><strong>Edulcorantes de origem natural<\/strong> Ingredientes como est\u00e9via e taumatina t\u00eam ganhado espa\u00e7o por atenderem \u00e0 demanda por solu\u00e7\u00f5es mais naturais. No entanto, seu uso exige ajustes finos para minimizar poss\u00edveis notas residuais.<\/p>\n\n\n\n<p id=\"ember433\"><strong>Fibras com fun\u00e7\u00e3o tecnol\u00f3gica<\/strong> Componentes como inulina e polidextrose ajudam a equilibrar a formula\u00e7\u00e3o, contribuindo n\u00e3o s\u00f3 para a percep\u00e7\u00e3o de dul\u00e7or, mas tamb\u00e9m para a textura e valor funcional da bebida.<\/p>\n\n\n\n<p id=\"ember434\"><strong>Blends inteligentes de ado\u00e7antes<\/strong> A combina\u00e7\u00e3o de diferentes edulcorantes, como eritritol e derivados de est\u00e9via, permite construir perfis mais pr\u00f3ximos ao a\u00e7\u00facar, reduzindo limita\u00e7\u00f5es sensoriais de cada ingrediente isolado.<\/p>\n\n\n\n<p id=\"ember435\"><strong>Processos biotecnol\u00f3gicos<\/strong> Fermenta\u00e7\u00f5es controladas e o uso de enzimas v\u00eam sendo explorados para criar perfis mais complexos, reduzindo a necessidade de dul\u00e7or intenso e agregando diferencia\u00e7\u00e3o ao produto final.<\/p>\n\n\n\n<p id=\"ember436\">Al\u00e9m disso, h\u00e1 um avan\u00e7o importante no uso de aromas naturais que potencializam a percep\u00e7\u00e3o de do\u00e7ura, especialmente perfis frutados e notas como baunilha. A chamada engenharia sensorial tamb\u00e9m desempenha papel essencial, ajustando a intera\u00e7\u00e3o entre aroma, sabor e textura para manter a experi\u00eancia do consumidor mesmo com menos a\u00e7\u00facar.<\/p>\n\n\n\n<hr class=\"wp-block-separator has-alpha-channel-opacity\"\/>\n\n\n\n<h3 class=\"wp-block-heading\" id=\"ember437\">Um mercado em transforma\u00e7\u00e3o<\/h3>\n\n\n\n<p id=\"ember438\">A demanda por bebidas com menor teor de a\u00e7\u00facar est\u00e1 em plena expans\u00e3o. Globalmente, categorias como bebidas funcionais sem adi\u00e7\u00e3o de a\u00e7\u00facar v\u00eam apresentando crescimento consistente, impulsionadas por consumidores mais conscientes e exigentes.<\/p>\n\n\n\n<p id=\"ember439\">No Brasil, esse movimento j\u00e1 \u00e9 vis\u00edvel. Nos \u00faltimos anos, houve um aumento significativo na oferta de produtos com redu\u00e7\u00e3o de a\u00e7\u00facar, refletindo tanto a press\u00e3o regulat\u00f3ria quanto a necessidade de adapta\u00e7\u00e3o das marcas \u00e0s novas prefer\u00eancias do mercado.<\/p>\n\n\n\n<hr class=\"wp-block-separator has-alpha-channel-opacity\"\/>\n\n\n\n<h3 class=\"wp-block-heading\" id=\"ember440\">O que vem pela frente<\/h3>\n\n\n\n<p id=\"ember441\">A redu\u00e7\u00e3o de a\u00e7\u00facar deixou de ser uma tend\u00eancia para se tornar uma necessidade estrat\u00e9gica. Empresas que conseguirem equilibrar sa\u00fade e prazer sensorial ter\u00e3o vantagem competitiva clara.<\/p>\n\n\n\n<p id=\"ember442\">Nesse novo cen\u00e1rio, o sucesso depender\u00e1 da combina\u00e7\u00e3o entre:<\/p>\n\n\n\n<ul class=\"wp-block-list\">\n<li>escolha inteligente de ingredientes<\/li>\n\n\n\n<li>uso de tecnologias avan\u00e7adas<\/li>\n\n\n\n<li>compreens\u00e3o profunda do comportamento do consumidor<\/li>\n<\/ul>\n\n\n\n<p id=\"ember444\">Mais do que simplesmente reduzir a\u00e7\u00facar, o desafio agora \u00e9 entregar uma experi\u00eancia completa \u2014 alinhando sabor, textura e funcionalidade em produtos que atendam \u00e0s expectativas de um consumidor cada vez mais exigente.<\/p>\n\n\n\n<p><\/p>","protected":false},"excerpt":{"rendered":"<p>O consumo elevado de bebidas a\u00e7ucaradas vem sendo cada vez mais associado a impactos negativos na sa\u00fade p\u00fablica. Diversas entidades internacionais apontam a ingest\u00e3o excessiva de a\u00e7\u00facares adicionados como um dos principais fatores ligados ao aumento de doen\u00e7as cr\u00f4nicas, incluindo obesidade, diabetes tipo 2 e problemas cardiovasculares. Estudos indicam que o consumo frequente de refrigerantes [&hellip;]<\/p>\n","protected":false},"author":1,"featured_media":0,"comment_status":"closed","ping_status":"open","sticky":false,"template":"","format":"standard","meta":{"_joinchat":[],"footnotes":""},"categories":[1],"tags":[],"class_list":["post-769","post","type-post","status-publish","format-standard","hentry","category-sem-categoria"],"yoast_head":"<!-- This site is optimized with the Yoast SEO Premium plugin v26.0 (Yoast SEO v27.2) - https:\/\/yoast.com\/product\/yoast-seo-premium-wordpress\/ -->\n<title>Redu\u00e7\u00e3o de a\u00e7\u00facar em bebidas: o desafio de manter sabor e experi\u00eancia. - Frutiflora Aromas<\/title>\n<meta name=\"robots\" content=\"index, follow, max-snippet:-1, max-image-preview:large, max-video-preview:-1\" \/>\n<link rel=\"canonical\" href=\"https:\/\/frutiflora.com.br\/en\/reducao-de-acucar-em-bebidas-o-desafio-de-manter-sabor-e-experiencia\/\" \/>\n<meta property=\"og:locale\" content=\"en_US\" \/>\n<meta property=\"og:type\" content=\"article\" \/>\n<meta property=\"og:title\" content=\"Redu\u00e7\u00e3o de a\u00e7\u00facar em bebidas: o desafio de manter sabor e experi\u00eancia.\" \/>\n<meta property=\"og:description\" content=\"O consumo elevado de bebidas a\u00e7ucaradas vem sendo cada vez mais associado a impactos negativos na sa\u00fade p\u00fablica. Diversas entidades internacionais apontam a ingest\u00e3o excessiva de a\u00e7\u00facares adicionados como um dos principais fatores ligados ao aumento de doen\u00e7as cr\u00f4nicas, incluindo obesidade, diabetes tipo 2 e problemas cardiovasculares. Estudos indicam que o consumo frequente de refrigerantes [&hellip;]\" \/>\n<meta property=\"og:url\" content=\"https:\/\/frutiflora.com.br\/en\/reducao-de-acucar-em-bebidas-o-desafio-de-manter-sabor-e-experiencia\/\" \/>\n<meta property=\"og:site_name\" content=\"Frutiflora Aromas\" \/>\n<meta property=\"article:published_time\" content=\"2026-03-27T13:12:15+00:00\" \/>\n<meta property=\"og:image\" content=\"https:\/\/frutiflora.com.br\/wp-content\/uploads\/2026\/03\/e30565e2-09f2-4dff-9351-1e93fd8facd4guilherme-marques.jpeg\" \/>\n\t<meta property=\"og:image:width\" content=\"2528\" \/>\n\t<meta property=\"og:image:height\" content=\"1696\" \/>\n\t<meta property=\"og:image:type\" content=\"image\/jpeg\" \/>\n<meta name=\"author\" content=\"frutiflora\" \/>\n<meta name=\"twitter:card\" content=\"summary_large_image\" \/>\n<meta name=\"twitter:label1\" content=\"Written by\" \/>\n\t<meta name=\"twitter:data1\" content=\"frutiflora\" \/>\n\t<meta name=\"twitter:label2\" content=\"Est. reading time\" \/>\n\t<meta name=\"twitter:data2\" content=\"4 minutes\" \/>\n<script type=\"application\/ld+json\" class=\"yoast-schema-graph\">{\"@context\":\"https:\/\/schema.org\",\"@graph\":[{\"@type\":\"Article\",\"@id\":\"https:\/\/frutiflora.com.br\/reducao-de-acucar-em-bebidas-o-desafio-de-manter-sabor-e-experiencia\/#article\",\"isPartOf\":{\"@id\":\"https:\/\/frutiflora.com.br\/reducao-de-acucar-em-bebidas-o-desafio-de-manter-sabor-e-experiencia\/\"},\"author\":{\"name\":\"frutiflora\",\"@id\":\"https:\/\/frutiflora.com.br\/#\/schema\/person\/bad65b3bb54dfd57feba53a9b5dc6793\"},\"headline\":\"Redu\u00e7\u00e3o de a\u00e7\u00facar em bebidas: o desafio de manter sabor e experi\u00eancia.\",\"datePublished\":\"2026-03-27T13:12:15+00:00\",\"mainEntityOfPage\":{\"@id\":\"https:\/\/frutiflora.com.br\/reducao-de-acucar-em-bebidas-o-desafio-de-manter-sabor-e-experiencia\/\"},\"wordCount\":743,\"image\":{\"@id\":\"https:\/\/frutiflora.com.br\/reducao-de-acucar-em-bebidas-o-desafio-de-manter-sabor-e-experiencia\/#primaryimage\"},\"thumbnailUrl\":\"https:\/\/frutiflora.com.br\/wp-content\/uploads\/2026\/03\/e30565e2-09f2-4dff-9351-1e93fd8facd4guilherme-marques-1024x687.jpeg\",\"articleSection\":[\"Sem categoria\"],\"inLanguage\":\"en-US\"},{\"@type\":\"WebPage\",\"@id\":\"https:\/\/frutiflora.com.br\/reducao-de-acucar-em-bebidas-o-desafio-de-manter-sabor-e-experiencia\/\",\"url\":\"https:\/\/frutiflora.com.br\/reducao-de-acucar-em-bebidas-o-desafio-de-manter-sabor-e-experiencia\/\",\"name\":\"Redu\u00e7\u00e3o de a\u00e7\u00facar em bebidas: o desafio de manter sabor e experi\u00eancia. - Frutiflora Aromas\",\"isPartOf\":{\"@id\":\"https:\/\/frutiflora.com.br\/#website\"},\"primaryImageOfPage\":{\"@id\":\"https:\/\/frutiflora.com.br\/reducao-de-acucar-em-bebidas-o-desafio-de-manter-sabor-e-experiencia\/#primaryimage\"},\"image\":{\"@id\":\"https:\/\/frutiflora.com.br\/reducao-de-acucar-em-bebidas-o-desafio-de-manter-sabor-e-experiencia\/#primaryimage\"},\"thumbnailUrl\":\"https:\/\/frutiflora.com.br\/wp-content\/uploads\/2026\/03\/e30565e2-09f2-4dff-9351-1e93fd8facd4guilherme-marques-1024x687.jpeg\",\"datePublished\":\"2026-03-27T13:12:15+00:00\",\"author\":{\"@id\":\"https:\/\/frutiflora.com.br\/#\/schema\/person\/bad65b3bb54dfd57feba53a9b5dc6793\"},\"breadcrumb\":{\"@id\":\"https:\/\/frutiflora.com.br\/reducao-de-acucar-em-bebidas-o-desafio-de-manter-sabor-e-experiencia\/#breadcrumb\"},\"inLanguage\":\"en-US\",\"potentialAction\":[{\"@type\":\"ReadAction\",\"target\":[\"https:\/\/frutiflora.com.br\/reducao-de-acucar-em-bebidas-o-desafio-de-manter-sabor-e-experiencia\/\"]}]},{\"@type\":\"ImageObject\",\"inLanguage\":\"en-US\",\"@id\":\"https:\/\/frutiflora.com.br\/reducao-de-acucar-em-bebidas-o-desafio-de-manter-sabor-e-experiencia\/#primaryimage\",\"url\":\"https:\/\/frutiflora.com.br\/wp-content\/uploads\/2026\/03\/e30565e2-09f2-4dff-9351-1e93fd8facd4guilherme-marques-1024x687.jpeg\",\"contentUrl\":\"https:\/\/frutiflora.com.br\/wp-content\/uploads\/2026\/03\/e30565e2-09f2-4dff-9351-1e93fd8facd4guilherme-marques-1024x687.jpeg\"},{\"@type\":\"BreadcrumbList\",\"@id\":\"https:\/\/frutiflora.com.br\/reducao-de-acucar-em-bebidas-o-desafio-de-manter-sabor-e-experiencia\/#breadcrumb\",\"itemListElement\":[{\"@type\":\"ListItem\",\"position\":1,\"name\":\"Home\",\"item\":\"https:\/\/frutiflora.com.br\/\"},{\"@type\":\"ListItem\",\"position\":2,\"name\":\"Redu\u00e7\u00e3o de a\u00e7\u00facar em bebidas: o desafio de manter sabor e experi\u00eancia.\"}]},{\"@type\":\"WebSite\",\"@id\":\"https:\/\/frutiflora.com.br\/#website\",\"url\":\"https:\/\/frutiflora.com.br\/\",\"name\":\"Frutiflora Aromas\",\"description\":\"Uma Infinidade de Sabores!\",\"potentialAction\":[{\"@type\":\"SearchAction\",\"target\":{\"@type\":\"EntryPoint\",\"urlTemplate\":\"https:\/\/frutiflora.com.br\/?s={search_term_string}\"},\"query-input\":{\"@type\":\"PropertyValueSpecification\",\"valueRequired\":true,\"valueName\":\"search_term_string\"}}],\"inLanguage\":\"en-US\"},{\"@type\":\"Person\",\"@id\":\"https:\/\/frutiflora.com.br\/#\/schema\/person\/bad65b3bb54dfd57feba53a9b5dc6793\",\"name\":\"frutiflora\",\"image\":{\"@type\":\"ImageObject\",\"inLanguage\":\"en-US\",\"@id\":\"https:\/\/secure.gravatar.com\/avatar\/50680890e7f5eab61bec3851b492cbcc6df05fd30d0da9b7b90efcd5a2ec5de6?s=96&d=mm&r=g\",\"url\":\"https:\/\/secure.gravatar.com\/avatar\/50680890e7f5eab61bec3851b492cbcc6df05fd30d0da9b7b90efcd5a2ec5de6?s=96&d=mm&r=g\",\"contentUrl\":\"https:\/\/secure.gravatar.com\/avatar\/50680890e7f5eab61bec3851b492cbcc6df05fd30d0da9b7b90efcd5a2ec5de6?s=96&d=mm&r=g\",\"caption\":\"frutiflora\"},\"sameAs\":[\"http:\/\/frutiflora.agenciainsonia.com.br\"],\"url\":\"https:\/\/frutiflora.com.br\/en\/author\/frutiflora\/\"}]}<\/script>\n<!-- \/ Yoast SEO Premium plugin. -->","yoast_head_json":{"title":"Redu\u00e7\u00e3o de a\u00e7\u00facar em bebidas: o desafio de manter sabor e experi\u00eancia. - Frutiflora Aromas","robots":{"index":"index","follow":"follow","max-snippet":"max-snippet:-1","max-image-preview":"max-image-preview:large","max-video-preview":"max-video-preview:-1"},"canonical":"https:\/\/frutiflora.com.br\/en\/reducao-de-acucar-em-bebidas-o-desafio-de-manter-sabor-e-experiencia\/","og_locale":"en_US","og_type":"article","og_title":"Redu\u00e7\u00e3o de a\u00e7\u00facar em bebidas: o desafio de manter sabor e experi\u00eancia.","og_description":"O consumo elevado de bebidas a\u00e7ucaradas vem sendo cada vez mais associado a impactos negativos na sa\u00fade p\u00fablica. Diversas entidades internacionais apontam a ingest\u00e3o excessiva de a\u00e7\u00facares adicionados como um dos principais fatores ligados ao aumento de doen\u00e7as cr\u00f4nicas, incluindo obesidade, diabetes tipo 2 e problemas cardiovasculares. Estudos indicam que o consumo frequente de refrigerantes [&hellip;]","og_url":"https:\/\/frutiflora.com.br\/en\/reducao-de-acucar-em-bebidas-o-desafio-de-manter-sabor-e-experiencia\/","og_site_name":"Frutiflora Aromas","article_published_time":"2026-03-27T13:12:15+00:00","og_image":[{"width":2528,"height":1696,"url":"https:\/\/frutiflora.com.br\/wp-content\/uploads\/2026\/03\/e30565e2-09f2-4dff-9351-1e93fd8facd4guilherme-marques.jpeg","type":"image\/jpeg"}],"author":"frutiflora","twitter_card":"summary_large_image","twitter_misc":{"Written by":"frutiflora","Est. reading time":"4 minutes"},"schema":{"@context":"https:\/\/schema.org","@graph":[{"@type":"Article","@id":"https:\/\/frutiflora.com.br\/reducao-de-acucar-em-bebidas-o-desafio-de-manter-sabor-e-experiencia\/#article","isPartOf":{"@id":"https:\/\/frutiflora.com.br\/reducao-de-acucar-em-bebidas-o-desafio-de-manter-sabor-e-experiencia\/"},"author":{"name":"frutiflora","@id":"https:\/\/frutiflora.com.br\/#\/schema\/person\/bad65b3bb54dfd57feba53a9b5dc6793"},"headline":"Redu\u00e7\u00e3o de a\u00e7\u00facar em bebidas: o desafio de manter sabor e experi\u00eancia.","datePublished":"2026-03-27T13:12:15+00:00","mainEntityOfPage":{"@id":"https:\/\/frutiflora.com.br\/reducao-de-acucar-em-bebidas-o-desafio-de-manter-sabor-e-experiencia\/"},"wordCount":743,"image":{"@id":"https:\/\/frutiflora.com.br\/reducao-de-acucar-em-bebidas-o-desafio-de-manter-sabor-e-experiencia\/#primaryimage"},"thumbnailUrl":"https:\/\/frutiflora.com.br\/wp-content\/uploads\/2026\/03\/e30565e2-09f2-4dff-9351-1e93fd8facd4guilherme-marques-1024x687.jpeg","articleSection":["Sem categoria"],"inLanguage":"en-US"},{"@type":"WebPage","@id":"https:\/\/frutiflora.com.br\/reducao-de-acucar-em-bebidas-o-desafio-de-manter-sabor-e-experiencia\/","url":"https:\/\/frutiflora.com.br\/reducao-de-acucar-em-bebidas-o-desafio-de-manter-sabor-e-experiencia\/","name":"Redu\u00e7\u00e3o de a\u00e7\u00facar em bebidas: o desafio de manter sabor e experi\u00eancia. - Frutiflora Aromas","isPartOf":{"@id":"https:\/\/frutiflora.com.br\/#website"},"primaryImageOfPage":{"@id":"https:\/\/frutiflora.com.br\/reducao-de-acucar-em-bebidas-o-desafio-de-manter-sabor-e-experiencia\/#primaryimage"},"image":{"@id":"https:\/\/frutiflora.com.br\/reducao-de-acucar-em-bebidas-o-desafio-de-manter-sabor-e-experiencia\/#primaryimage"},"thumbnailUrl":"https:\/\/frutiflora.com.br\/wp-content\/uploads\/2026\/03\/e30565e2-09f2-4dff-9351-1e93fd8facd4guilherme-marques-1024x687.jpeg","datePublished":"2026-03-27T13:12:15+00:00","author":{"@id":"https:\/\/frutiflora.com.br\/#\/schema\/person\/bad65b3bb54dfd57feba53a9b5dc6793"},"breadcrumb":{"@id":"https:\/\/frutiflora.com.br\/reducao-de-acucar-em-bebidas-o-desafio-de-manter-sabor-e-experiencia\/#breadcrumb"},"inLanguage":"en-US","potentialAction":[{"@type":"ReadAction","target":["https:\/\/frutiflora.com.br\/reducao-de-acucar-em-bebidas-o-desafio-de-manter-sabor-e-experiencia\/"]}]},{"@type":"ImageObject","inLanguage":"en-US","@id":"https:\/\/frutiflora.com.br\/reducao-de-acucar-em-bebidas-o-desafio-de-manter-sabor-e-experiencia\/#primaryimage","url":"https:\/\/frutiflora.com.br\/wp-content\/uploads\/2026\/03\/e30565e2-09f2-4dff-9351-1e93fd8facd4guilherme-marques-1024x687.jpeg","contentUrl":"https:\/\/frutiflora.com.br\/wp-content\/uploads\/2026\/03\/e30565e2-09f2-4dff-9351-1e93fd8facd4guilherme-marques-1024x687.jpeg"},{"@type":"BreadcrumbList","@id":"https:\/\/frutiflora.com.br\/reducao-de-acucar-em-bebidas-o-desafio-de-manter-sabor-e-experiencia\/#breadcrumb","itemListElement":[{"@type":"ListItem","position":1,"name":"Home","item":"https:\/\/frutiflora.com.br\/"},{"@type":"ListItem","position":2,"name":"Redu\u00e7\u00e3o de a\u00e7\u00facar em bebidas: o desafio de manter sabor e experi\u00eancia."}]},{"@type":"WebSite","@id":"https:\/\/frutiflora.com.br\/#website","url":"https:\/\/frutiflora.com.br\/","name":"Frutiflora Aromas","description":"Uma Infinidade de Sabores!","potentialAction":[{"@type":"SearchAction","target":{"@type":"EntryPoint","urlTemplate":"https:\/\/frutiflora.com.br\/?s={search_term_string}"},"query-input":{"@type":"PropertyValueSpecification","valueRequired":true,"valueName":"search_term_string"}}],"inLanguage":"en-US"},{"@type":"Person","@id":"https:\/\/frutiflora.com.br\/#\/schema\/person\/bad65b3bb54dfd57feba53a9b5dc6793","name":"frutiflora","image":{"@type":"ImageObject","inLanguage":"en-US","@id":"https:\/\/secure.gravatar.com\/avatar\/50680890e7f5eab61bec3851b492cbcc6df05fd30d0da9b7b90efcd5a2ec5de6?s=96&d=mm&r=g","url":"https:\/\/secure.gravatar.com\/avatar\/50680890e7f5eab61bec3851b492cbcc6df05fd30d0da9b7b90efcd5a2ec5de6?s=96&d=mm&r=g","contentUrl":"https:\/\/secure.gravatar.com\/avatar\/50680890e7f5eab61bec3851b492cbcc6df05fd30d0da9b7b90efcd5a2ec5de6?s=96&d=mm&r=g","caption":"frutiflora"},"sameAs":["http:\/\/frutiflora.agenciainsonia.com.br"],"url":"https:\/\/frutiflora.com.br\/en\/author\/frutiflora\/"}]}},"_links":{"self":[{"href":"https:\/\/frutiflora.com.br\/en\/wp-json\/wp\/v2\/posts\/769","targetHints":{"allow":["GET"]}}],"collection":[{"href":"https:\/\/frutiflora.com.br\/en\/wp-json\/wp\/v2\/posts"}],"about":[{"href":"https:\/\/frutiflora.com.br\/en\/wp-json\/wp\/v2\/types\/post"}],"author":[{"embeddable":true,"href":"https:\/\/frutiflora.com.br\/en\/wp-json\/wp\/v2\/users\/1"}],"replies":[{"embeddable":true,"href":"https:\/\/frutiflora.com.br\/en\/wp-json\/wp\/v2\/comments?post=769"}],"version-history":[{"count":1,"href":"https:\/\/frutiflora.com.br\/en\/wp-json\/wp\/v2\/posts\/769\/revisions"}],"predecessor-version":[{"id":771,"href":"https:\/\/frutiflora.com.br\/en\/wp-json\/wp\/v2\/posts\/769\/revisions\/771"}],"wp:attachment":[{"href":"https:\/\/frutiflora.com.br\/en\/wp-json\/wp\/v2\/media?parent=769"}],"wp:term":[{"taxonomy":"category","embeddable":true,"href":"https:\/\/frutiflora.com.br\/en\/wp-json\/wp\/v2\/categories?post=769"},{"taxonomy":"post_tag","embeddable":true,"href":"https:\/\/frutiflora.com.br\/en\/wp-json\/wp\/v2\/tags?post=769"}],"curies":[{"name":"wp","href":"https:\/\/api.w.org\/{rel}","templated":true}]}}